{"id":3949,"date":"2015-08-26T08:28:57","date_gmt":"2015-08-26T08:28:57","guid":{"rendered":"https:\/\/ihs.com.tr\/blog\/?p=3949"},"modified":"2015-09-15T06:48:11","modified_gmt":"2015-09-15T06:48:11","slug":"ios-9-eylulde-geliyor","status":"publish","type":"post","link":"https:\/\/www.ihs.com.tr\/blog\/ios-9-eylulde-geliyor\/","title":{"rendered":"iOS 9, Eyl\u00fcl\u2019de geliyor"},"content":{"rendered":"<p style=\"text-align: justify;\"><span lang=\"tr-TR\" style=\"font-size: 14pt;\">Haziran 2015\u2019te ger\u00e7ekle\u015fen Worldwide Developer Congress\u2019te tan\u0131t\u0131lan iOS 9, sonbahar ile birlikte iPhone ve iPadlere geliyor. iOS 7 ve iOS 8\u2019in temel \u00f6zellikleri \u00fczerine kurulan bu yeni g\u00fcncellemede ince dizayn de\u011fi\u015fiklikleri, iyile\u015ftirilmi\u015f uygulamalar, geli\u015ftirilmi\u015f fonksiyonellik ve performans \u00f6zellikleri olacak. En \u00f6nemlisi ise hayat\u0131m\u0131z\u0131 zaten kolayla\u015ft\u0131rd\u0131\u011f\u0131n\u0131 d\u00fc\u015f\u00fcnd\u00fc\u011f\u00fcm\u00fcz telefonlar, yeni s\u00fcr\u00fcm ile tam bir \u2018hayat tarz\u0131 y\u00f6neticisi\u2019ne d\u00f6n\u00fc\u015fecek. <\/span><\/p>\n<p style=\"text-align: justify;\"><span lang=\"tr-TR\" style=\"font-size: 14pt;\">iOS\u2019un yeni s\u00fcr\u00fcm\u00fcn\u00fcn oda\u011f\u0131 zek\u00e2 ve proaktivite olacak. Di\u011fer bir deyi\u015fle, cihaz kullan\u0131c\u0131 davran\u0131\u015f\u0131n\u0131 daha iyi anlayarak ona g\u00f6re hareket edecek. Apple hen\u00fcz tam i\u00e7erik a\u00e7\u0131klamasa da, \u00f6rne\u011fin ihtiya\u00e7 olmadan hemen \u00f6nce uygulamalar\u0131n a\u00e7\u0131lmas\u0131, kullan\u0131c\u0131n\u0131n be\u011fenece\u011fini d\u00fc\u015f\u00fcnd\u00fc\u011f\u00fc \u00f6neriler geli\u015ftirme gibi \u00f6zelliklerin \u00f6ne \u00e7\u0131kaca\u011f\u0131 biliniyor. <\/span><\/p>\n<p style=\"text-align: justify;\"><span lang=\"tr-TR\" style=\"font-size: 14pt;\">iOS 9\u2019un kullan\u0131c\u0131lara sunulmas\u0131yla, Siri\u2019de de bir tak\u0131m de\u011fi\u015fiklikler \u00f6ng\u00f6r\u00fcl\u00fcyor. \u00d6rne\u011fin Siri, art\u0131k ba\u011flamsal bir hat\u0131rlat\u0131c\u0131 olacak; tercihe g\u00f6re kullan\u0131c\u0131lara \u00f6nerilerde bulunabilecek, foto\u011fraf ya da videolar\u0131 Siri\u2019ye sorarak bulmak m\u00fcmk\u00fcn olacak. Ana ekran\u0131 sola do\u011fru kayd\u0131r\u0131nca a\u00e7\u0131lacak \u2018Siri \u00d6nerileri\u2019 favori ki\u015filere ve uygulamalara ula\u015fmay\u0131 kolayla\u015ft\u0131racak. <\/span><\/p>\n<p style=\"text-align: justify;\"><span lang=\"tr-TR\" style=\"font-size: 14pt;\">Yeni sistem iPad \u00fczerinde tek ekranda iki uygulamay\u0131 anda \u00e7al\u0131\u015ft\u0131rmay\u0131 m\u00fcmk\u00fcn k\u0131lacak. Yani bir mesaj yazarken ayn\u0131 zamanda arka planda video izlemek m\u00fcmk\u00fcn olacak. Yine iPad \u00fczerinden yaz\u0131lan not ya da maillerde, klavye \u00fczerinden metin kesmek, kopyalamak, yap\u0131\u015ft\u0131rmak tek tu\u015fla m\u00fcmk\u00fcn olacak. Klavye, en son yap\u0131lan hamlenin geri al\u0131nmas\u0131na da izin verecek. <\/span><\/p>\n<p style=\"text-align: justify;\"><span lang=\"tr-TR\" style=\"font-size: 14pt;\">Ya da bilinmeyen bir numaradan arama geldi\u011finde, e-mailler ya da notlar aras\u0131nda o telefon numaras\u0131n\u0131n kime ait olabilece\u011fi bilgisini an\u0131nda ara\u015ft\u0131rarak ekran \u00fczerinde tahmin y\u00fcr\u00fctecek. \u00dcstelik t\u00fcm bunlar\u0131 yaparken, yeni s\u00fcr\u00fcmde d\u00fc\u015f\u00fck enerji moduna ge\u00e7ildi\u011finde kullan\u0131m s\u00fcresi 3 saate kadar uzayabilecek. <\/span><\/p>\n<p style=\"text-align: justify;\"><span lang=\"tr-TR\" style=\"font-size: 14pt;\">Yeni s\u00fcr\u00fcm ile birlikte birka\u00e7 yeni uygulama da cihazlarda yerini alacak. Bunlardan biri iCloud drive olacak. Bu uygulama buluta y\u00fcklenen t\u00fcm dosyalar kolayl\u0131kla kontrol edilebilecek. <\/span><\/p>\n<p style=\"text-align: justify;\"><span lang=\"tr-TR\"><span style=\"font-size: 14pt;\">iOS 9\u2019u, iPhone 4S ve yukar\u0131 modellere sahip ile iPad\u2019in 2, 3 ve 4. Jenerasyonu cihazlar indirebilecek.<\/span> <\/span><\/p>\n","protected":false},"excerpt":{"rendered":"<p>Haziran 2015\u2019te ger\u00e7ekle\u015fen Worldwide Developer Congress\u2019te tan\u0131t\u0131lan iOS 9, sonbahar ile birlikte iPhone ve iPadlere geliyor. iOS 7 ve iOS 8\u2019in temel&hellip;<\/p>\n","protected":false},"author":3,"featured_media":3951,"comment_status":"open","ping_status":"open","sticky":false,"template":"","format":"standard","meta":{"footnotes":""},"categories":[1],"tags":[],"class_list":["post-3949","post","type-post","status-publish","format-standard","has-post-thumbnail","hentry","category-haberler"],"amp_enabled":true,"_links":{"self":[{"href":"https:\/\/www.ihs.com.tr\/blog\/wp-json\/wp\/v2\/posts\/3949","targetHints":{"allow":["GET"]}}],"collection":[{"href":"https:\/\/www.ihs.com.tr\/blog\/wp-json\/wp\/v2\/posts"}],"about":[{"href":"https:\/\/www.ihs.com.tr\/blog\/wp-json\/wp\/v2\/types\/post"}],"author":[{"embeddable":true,"href":"https:\/\/www.ihs.com.tr\/blog\/wp-json\/wp\/v2\/users\/3"}],"replies":[{"embeddable":true,"href":"https:\/\/www.ihs.com.tr\/blog\/wp-json\/wp\/v2\/comments?post=3949"}],"version-history":[{"count":1,"href":"https:\/\/www.ihs.com.tr\/blog\/wp-json\/wp\/v2\/posts\/3949\/revisions"}],"predecessor-version":[{"id":3952,"href":"https:\/\/www.ihs.com.tr\/blog\/wp-json\/wp\/v2\/posts\/3949\/revisions\/3952"}],"wp:featuredmedia":[{"embeddable":true,"href":"https:\/\/www.ihs.com.tr\/blog\/wp-json\/wp\/v2\/media\/3951"}],"wp:attachment":[{"href":"https:\/\/www.ihs.com.tr\/blog\/wp-json\/wp\/v2\/media?parent=3949"}],"wp:term":[{"taxonomy":"category","embeddable":true,"href":"https:\/\/www.ihs.com.tr\/blog\/wp-json\/wp\/v2\/categories?post=3949"},{"taxonomy":"post_tag","embeddable":true,"href":"https:\/\/www.ihs.com.tr\/blog\/wp-json\/wp\/v2\/tags?post=3949"}],"curies":[{"name":"wp","href":"https:\/\/api.w.org\/{rel}","templated":true}]}}