{"id":6804,"date":"2016-02-23T15:18:40","date_gmt":"2016-02-23T13:18:40","guid":{"rendered":"https:\/\/ihs.com.tr\/blog\/?p=6804"},"modified":"2016-02-23T15:18:40","modified_gmt":"2016-02-23T13:18:40","slug":"emc-vmwarein-yeni-urunu-vce-vxrail","status":"publish","type":"post","link":"https:\/\/www.ihs.com.tr\/blog\/emc-vmwarein-yeni-urunu-vce-vxrail\/","title":{"rendered":"EMC ve VMware&#8217;in Yeni \u00dcr\u00fcn\u00fc VCE VxRail"},"content":{"rendered":"<p><span style=\"font-size: 14pt;\">EMC ve VMware hiperbirle\u015fik altyap\u0131lara odaklanan cihaz ailesi <strong>VCE VxRail<\/strong> \u00fcr\u00fcn\u00fcn\u00fc \u00e7\u0131kartt\u0131\u011f\u0131n\u0131 duyurdu.<\/span><\/p>\n<p><span style=\"font-size: 14pt;\">Sanalla\u015ft\u0131rma d\u00fcnyas\u0131n\u0131n \u00f6nc\u00fc kurulu\u015fu <strong>VMware<\/strong> uzun s\u00fcredir yaz\u0131l\u0131m tan\u0131ml\u0131 veri merkezlerinin geli\u015fimini destekliyordu. Sal\u0131 g\u00fcn\u00fc ana kurulu\u015fu <strong>EMC<\/strong> ile birlikte yaz\u0131l\u0131m tan\u0131ml\u0131 veri merkezlerine ge\u00e7i\u015fi h\u0131zland\u0131raca\u011f\u0131 d\u00fc\u015f\u00fcn\u00fclen VCE VxRail cihaz ailesinin \u00e7\u0131kt\u0131\u011f\u0131n\u0131 duyurdu.<\/span><\/p>\n<p><span style=\"font-size: 14pt;\">VCE VxRail yaz\u0131l\u0131m tan\u0131ml\u0131 veri merkezlerine ge\u00e7mek isteyen kurulu\u015flara bir yol sunan, tamamen otomatikle\u015ftirilmi\u015f ve kendi kendini yap\u0131land\u0131rabilen hiperbirle\u015fik bir altyap\u0131 cihaz\u0131. Bas\u0131n duyurusuna g\u00f6re \u201cpiyasadaki tek tamamen entegre, \u00f6nceden yap\u0131land\u0131r\u0131lm\u0131\u015f, test edilmi\u015f VMware HCI cihaz\u0131.\u201d<\/span><\/p>\n<p><span style=\"font-size: 14pt;\">VxRail ba\u015fkan yard\u0131mc\u0131s\u0131 ve genel m\u00fcd\u00fcr\u00fc Gil Shneorson da\u011f\u0131t\u0131m s\u00fcrecinin ba\u015flamas\u0131yla birlikte cihaz\u0131n a\u011f\u0131 inceleyerek kendi kendini yap\u0131land\u0131rma s\u00fcrecini ba\u015flataca\u011f\u0131n\u0131 s\u00f6yl\u00fcyor. Cihaz VMware yaz\u0131l\u0131m\u0131n\u0131n kullan\u0131ma haz\u0131r versiyonlar\u0131n\u0131 entegre ediyor. VxRail\u2019in basit bir y\u00f6netimi var.<\/span><\/p>\n<p><span style=\"font-size: 14pt;\">Shneorson kurulum i\u015flemleri tamamland\u0131ktan sonra kullan\u0131c\u0131lar\u0131n 10 dakika i\u00e7inde VMware\u2019lerini kullanabileceklerini s\u00f6yl\u00fcyor. Cihaz t\u00fcm d\u00fc\u011f\u00fcmler i\u00e7in vCenter sunucular\u0131n\u0131, ESXi ana makineleri ve Virtual SAN\u2019\u0131 yap\u0131land\u0131r\u0131yor ve yeni bir cihaz\u0131n eklenmesi yakla\u015f\u0131k 5 dakika s\u00fcr\u00fcyor.<\/span><\/p>\n<p><a href=\"https:\/\/www.ihs.com.tr\/blog\/wp-content\/uploads\/2016\/02\/VxRail.jpg\" data-rel=\"penci-gallery-image-content\" rel=\"attachment wp-att-6807\"><img decoding=\"async\" class=\"alignnone size-medium wp-image-6807\" src=\"https:\/\/www.ihs.com.tr\/blog\/wp-content\/uploads\/2016\/02\/VxRail-300x79.jpg\" alt=\"VxRail\" width=\"300\" height=\"79\" srcset=\"https:\/\/www.ihs.com.tr\/blog\/wp-content\/uploads\/2016\/02\/VxRail-300x79.jpg 300w, https:\/\/www.ihs.com.tr\/blog\/wp-content\/uploads\/2016\/02\/VxRail.jpg 620w\" sizes=\"(max-width: 300px) 100vw, 300px\" \/><\/a><\/p>\n<p><span style=\"font-size: 14pt;\">M\u00fc\u015fteriler bir\u00e7ok cihazda oldu\u011fu gibi VxRail\u2019i de istedikleri gibi yap\u0131land\u0131rabiliyorlar.\u00a0 12 ila 20 \u00e7ekirdek, 256GB ve 512GB bellek, 7.6 \u2013 19TB depolama kapasitesi ve bak\u0131r veya optik a\u011f aras\u0131nda se\u00e7im yap\u0131labiliyor.<br \/>\n<\/span><\/p>\n<p><span style=\"font-size: 14pt;\">VxRail VMware\u2019in bir s\u00fcredir yapt\u0131\u011f\u0131 \u00e7ok say\u0131daki duyurunun sonuncusu. \u015eirket daha ge\u00e7en hafta Workspace ONE, Horizon 7, Horizon Air ve VSAN 6.2\u2019nin \u00e7\u0131kt\u0131\u011f\u0131n\u0131 duyurmu\u015ftu.<\/span><\/p>\n<p><span style=\"font-size: 14pt;\">VSAN 6.2, VxRail ile birlikte VMware\u2019in HCI planlar\u0131na y\u00f6nelik en \u00f6nemli s\u00fcr\u00fcmlerden biri. S\u00fcr\u00fcm\u00fcn en \u00f6nemli noktalar\u0131ndan biri olan yeni hizmet kalitesi \u00f6zellikleri de VxRail da\u011f\u0131t\u0131m\u0131n\u0131n bir par\u00e7as\u0131 olarak kullan\u0131labilecek.<\/span><\/p>\n<p><span style=\"font-size: 14pt;\">A\u011fustos 2014\u2019te, VMware\u2019den Paul Strong blogunda kapsay\u0131c\u0131lar\u0131n yaz\u0131l\u0131m tan\u0131ml\u0131 veri merkezlerinde kullan\u0131lmaya ba\u015fland\u0131\u011f\u0131n\u0131 ve Docker, Google ve Pivotal\u2019\u0131n m\u00fc\u015fterilerine art\u0131k daha fazla kapsay\u0131c\u0131 se\u00e7ene\u011fi sunmaya ba\u015flad\u0131\u011f\u0131n\u0131 yazm\u0131\u015ft\u0131.<\/span><\/p>\n<p><span style=\"font-size: 14pt;\">Eyl\u00fcl 2015\u2019te ise VMware EVO yaz\u0131l\u0131m tan\u0131ml\u0131 veri merkezi y\u00f6neticisinin \u00e7\u0131kt\u0131\u011f\u0131n\u0131 duyurmu\u015f, San Francisco\u2019daki 2015 VMworld Konferans\u0131\u2019nda ise Photon Platform kapsay\u0131c\u0131lar\u0131na daha da fazla vurgu yapm\u0131\u015ft\u0131.<\/span><\/p>\n<p><span style=\"font-size: 14pt;\">Sanalla\u015ft\u0131rma piyasas\u0131ndaki en \u00f6nemli akt\u00f6rlerden olan VMware veri merkezi trendleri \u00fczerinde b\u00fcy\u00fck bir y\u00f6nlendirici g\u00fcce sahip. M\u00fc\u015fterilerin art\u0131k HCI ve yaz\u0131l\u0131m tan\u0131ml\u0131 veri merkezi treninin \u00e7oktan yola \u00e7\u0131kt\u0131\u011f\u0131n\u0131 ve pek de yava\u015flayacak gibi g\u00f6r\u00fcnmedi\u011fini anlamalar\u0131 gerekiyor.<\/span><\/p>\n","protected":false},"excerpt":{"rendered":"<p>EMC ve VMware hiperbirle\u015fik altyap\u0131lara odaklanan cihaz ailesi VCE VxRail \u00fcr\u00fcn\u00fcn\u00fc \u00e7\u0131kartt\u0131\u011f\u0131n\u0131 duyurdu. Sanalla\u015ft\u0131rma d\u00fcnyas\u0131n\u0131n \u00f6nc\u00fc kurulu\u015fu VMware uzun s\u00fcredir yaz\u0131l\u0131m tan\u0131ml\u0131&hellip;<\/p>\n","protected":false},"author":3,"featured_media":6806,"comment_status":"open","ping_status":"closed","sticky":false,"template":"","format":"standard","meta":{"footnotes":""},"categories":[1],"tags":[],"class_list":["post-6804","post","type-post","status-publish","format-standard","has-post-thumbnail","hentry","category-haberler"],"amp_enabled":true,"_links":{"self":[{"href":"https:\/\/www.ihs.com.tr\/blog\/wp-json\/wp\/v2\/posts\/6804","targetHints":{"allow":["GET"]}}],"collection":[{"href":"https:\/\/www.ihs.com.tr\/blog\/wp-json\/wp\/v2\/posts"}],"about":[{"href":"https:\/\/www.ihs.com.tr\/blog\/wp-json\/wp\/v2\/types\/post"}],"author":[{"embeddable":true,"href":"https:\/\/www.ihs.com.tr\/blog\/wp-json\/wp\/v2\/users\/3"}],"replies":[{"embeddable":true,"href":"https:\/\/www.ihs.com.tr\/blog\/wp-json\/wp\/v2\/comments?post=6804"}],"version-history":[{"count":3,"href":"https:\/\/www.ihs.com.tr\/blog\/wp-json\/wp\/v2\/posts\/6804\/revisions"}],"predecessor-version":[{"id":6856,"href":"https:\/\/www.ihs.com.tr\/blog\/wp-json\/wp\/v2\/posts\/6804\/revisions\/6856"}],"wp:featuredmedia":[{"embeddable":true,"href":"https:\/\/www.ihs.com.tr\/blog\/wp-json\/wp\/v2\/media\/6806"}],"wp:attachment":[{"href":"https:\/\/www.ihs.com.tr\/blog\/wp-json\/wp\/v2\/media?parent=6804"}],"wp:term":[{"taxonomy":"category","embeddable":true,"href":"https:\/\/www.ihs.com.tr\/blog\/wp-json\/wp\/v2\/categories?post=6804"},{"taxonomy":"post_tag","embeddable":true,"href":"https:\/\/www.ihs.com.tr\/blog\/wp-json\/wp\/v2\/tags?post=6804"}],"curies":[{"name":"wp","href":"https:\/\/api.w.org\/{rel}","templated":true}]}}