{"id":7264,"date":"2016-03-22T15:39:06","date_gmt":"2016-03-22T13:39:06","guid":{"rendered":"https:\/\/ihs.com.tr\/blog\/?p=7264"},"modified":"2016-03-28T11:08:42","modified_gmt":"2016-03-28T09:08:42","slug":"kendi-cihazini-getir-sistemine-olan-guven-azaldi","status":"publish","type":"post","link":"https:\/\/www.ihs.com.tr\/blog\/kendi-cihazini-getir-sistemine-olan-guven-azaldi\/","title":{"rendered":"Kendi Cihaz\u0131n\u0131 Getir Sistemine ( BYOD ) Olan G\u00fcven Neden Azald\u0131?"},"content":{"rendered":"<p><span style=\"font-size: 14pt;\">U\u00e7 nokta g\u00fcvenli\u011fi \u015firketi <strong>Code42<\/strong> taraf\u0131ndan yap\u0131lan bir ara\u015ft\u0131rma IT karar al\u0131c\u0131lar\u0131n\u0131n kurulu\u015flar\u0131 b\u00fcnyesinde \u00e7al\u0131\u015fan ki\u015filerin g\u00fcvenini kaybetmeye yak\u0131n oldu\u011funu ortaya \u00e7\u0131kard\u0131.<\/span><\/p>\n<p><span style=\"font-size: 14pt;\">Ankete kat\u0131lan 1500 bilgi i\u015flem \u00e7al\u0131\u015fan\u0131n\u0131n %67\u2019si \u015firketlerinin net bir Kendi Cihaz\u0131n\u0131 Getir politikas\u0131 olmad\u0131\u011f\u0131n\u0131 ifade etti. IT karar al\u0131c\u0131lar\u0131n\u0131n %65\u2019i ise tam tersini d\u00fc\u015f\u00fcn\u00fcyor. Peki ger\u00e7ekte durum nedir?<\/span><\/p>\n<p><span style=\"font-size: 14pt;\">Kurumsal verilerin %42\u2019sinin u\u00e7 noktalarda, geleneksel g\u00fcvenlik ortamlar\u0131n\u0131n d\u0131\u015f\u0131nda tutuldu\u011fu ve bilgi i\u015flem \u00e7al\u0131\u015fanlar\u0131n\u0131n d\u00f6rtte birinin IT ekiplerine\/i\u015fverenlerine g\u00fcvenmedi\u011fi d\u00fc\u015f\u00fcn\u00fcl\u00fcrse, bu durum giderek siber su\u00e7lular\u0131n yarar\u0131na olacak gibi g\u00f6r\u00fcn\u00fcyor.<\/span><\/p>\n<p><span style=\"font-size: 14pt;\">Bu konuda s\u0131k sorulan sorular ve bu sorulara verilen yan\u0131tlar ise \u015f\u00f6yle:<\/span><\/p>\n<p><span style=\"font-size: 14pt;\"><strong>IT karar al\u0131c\u0131lar\u0131yla bilgi i\u015flem \u00e7al\u0131\u015fanlar\u0131 neden Kendi Cihaz\u0131n\u0131 Getir politikalar\u0131na b\u00f6yle farkl\u0131 \u015fekillerde yakla\u015f\u0131yor ve aralar\u0131ndaki bo\u015flu\u011fu kapatmak i\u00e7in ne yap\u0131labilir?<\/strong><\/span><\/p>\n<p><span style=\"font-size: 14pt;\">Bu genellikle ileti\u015fim eksikli\u011fi y\u00fcz\u00fcnden ya\u015fan\u0131yor. Ne yaz\u0131k ki bir\u00e7ok IT departman\u0131 bir silo i\u00e7inde \u00e7al\u0131\u015f\u0131yor ve \u00e7al\u0131\u015ft\u0131klar\u0131 kurulu\u015flar\u0131n geri kalan\u0131 bu \u00e7al\u0131\u015fanlar\u0131n i\u015flevlerinin yaln\u0131zca teknoloji hizmeti sunucular\u0131 olarak makinelerin \u00e7al\u0131\u015fmas\u0131n\u0131 devam ettirmek oldu\u011funu zannediyor. Uygulad\u0131klar\u0131 politikalar\u0131n ve sunduklar\u0131 koruman\u0131n ticari de\u011feri ne kadar b\u00fcy\u00fck olsa da, IT \u00e7al\u0131\u015fanlar\u0131 bu de\u011feri kurulu\u015fun geri kalan\u0131na anlatmakta b\u00fcy\u00fck zorluk \u00e7ekiyor.<\/span><\/p>\n<p><span style=\"font-size: 14pt;\">IT ekipleri kurumsal veri g\u00fcvenli\u011fi anlam\u0131nda fark\u0131ndal\u0131k yaratmak ve politikalar\u0131 g\u00fc\u00e7lendirmek i\u00e7in bir dizi y\u00f6neticiye bask\u0131 yapmak zorunda. Bunu yaparlarsa kendilerini uzaktan teknik m\u00fcdahalelerde bulunabilen bir teknoloji orta\u011f\u0131 olarak konumland\u0131rabilirler. Bir engel olarak g\u00f6r\u00fclmek yerine i\u015fbirlik\u00e7i bir ortak olarak alg\u0131lanmaya ba\u015flayabilirler.<\/span><\/p>\n<p><span style=\"font-size: 14pt;\"><strong>IT ekiplerimize kar\u015f\u0131 nas\u0131l g\u00fcven olu\u015fturabiliriz?<\/strong><\/span><\/p>\n<p><span style=\"font-size: 14pt;\">Bu i\u015fin s\u0131rr\u0131 IT ve i\u015f departmanlar\u0131 aras\u0131nda daha fazla ileti\u015fim olmas\u0131n\u0131 sa\u011flamakt\u0131r. IT\u2019nin veriyi korumak i\u00e7in neyi neden yapt\u0131\u011f\u0131n\u0131 daha iyi alg\u0131lan\u0131rsa, y\u00f6neticiler ve son kullan\u0131c\u0131lar veriyle ilgili g\u00fcvenlik \u00f6nlemlerini daha kolay benimseyecektir. Veri g\u00fcvenli\u011fi kuruluyla \u00f6nde gelen ki\u015filer aras\u0131nda stratejiler ve risk azaltma konular\u0131yla \u00f6rt\u00fc\u015fen bir uyumluluk olmal\u0131. Bu ayn\u0131 zamanda hem yetkisiz \u201cg\u00f6lge IT\u201d i\u015flemlerini ortadan kald\u0131racak hem de y\u00f6neticilerden destek bulacakt\u0131r.<\/span><\/p>\n<p><a href=\"https:\/\/www.ihs.com.tr\/blog\/wp-content\/uploads\/2016\/03\/kendi-cihaz\u0131n\u0131-getir-1.jpg\" data-rel=\"penci-gallery-image-content\" rel=\"attachment wp-att-7265\"><img decoding=\"async\" class=\"alignnone size-medium wp-image-7265\" src=\"https:\/\/www.ihs.com.tr\/blog\/wp-content\/uploads\/2016\/03\/kendi-cihaz\u0131n\u0131-getir-1-300x180.jpg\" alt=\"kendi cihaz\u0131n\u0131 getir\" width=\"300\" height=\"180\" srcset=\"https:\/\/www.ihs.com.tr\/blog\/wp-content\/uploads\/2016\/03\/kendi-cihaz\u0131n\u0131-getir-1-300x180.jpg 300w, https:\/\/www.ihs.com.tr\/blog\/wp-content\/uploads\/2016\/03\/kendi-cihaz\u0131n\u0131-getir-1.jpg 800w\" sizes=\"(max-width: 300px) 100vw, 300px\" \/><\/a><\/p>\n<p><span style=\"font-size: 14pt;\"><strong>Ki\u015fisel verilerimiz konusunda herkese g\u00fcvenmeli miyiz? Mutlaka g\u00fcvenmemiz gerekiyorsa, \u015firketin verimli bir \u015fekilde \u00e7al\u0131\u015fmas\u0131 i\u00e7in gerekli olan ki\u015fisel veri miktar\u0131n\u0131 nas\u0131l en aza indirebiliriz?<\/strong><\/span><\/p>\n<p><span style=\"font-size: 14pt;\">T\u00fcm kurulu\u015flar\u0131n birtak\u0131m verilere ihtiyac\u0131 vard\u0131r. Ki\u015fisel veriler ise yaln\u0131zca \u201cmutlaka\u201d gerekiyorsa payla\u015f\u0131lmal\u0131d\u0131r. Bununla birlikte, kurulu\u015flar\u0131n g\u00f6revi de veriye nas\u0131l ve ne zaman eri\u015fildi\u011fini takip etmektir. Modern kurulu\u015flarda son kullan\u0131c\u0131lara \u015firket binalar\u0131n\u0131n d\u0131\u015f\u0131ndayken veriyi koruyacak uygun teknolojinin Kendi Cihaz\u0131n\u0131 Getir yakla\u015f\u0131m\u0131 i\u00e7erisinde mutlaka temin edilmesi gerekir. En iyi son kullan\u0131c\u0131 koruma \u00e7\u00f6z\u00fcmleri veriyi tek bir merkezde toplar, bu da g\u00fcvenlik ekiplerinin veriyi s\u00fcrekli takip ve kontrol edebilmesini, ayn\u0131 zamanda veri h\u0131rs\u0131zl\u0131klar\u0131n\u0131 ve di\u011fer g\u00fcvenlik ihlallerini an\u0131nda tespit edebilmesini, gerekli m\u00fcdahalelerde bulunabilmesini ve sorunlar\u0131 giderebilmesini sa\u011flar.<\/span><\/p>\n<p><span style=\"font-size: 14pt;\">Bu \u00e7\u00f6z\u00fcmler yedeklenecek son kullan\u0131c\u0131 verisinin miktar\u0131na ve tipine g\u00f6re de\u011fi\u015fiklik g\u00f6sterebilir. Baz\u0131 kurulu\u015flar\u0131n ellerinde daha fazla veri bulundurmas\u0131 gerekebilir.<\/span><\/p>\n<p><span style=\"font-size: 14pt;\"><strong>Verilerimizi u\u00e7 nokta cihazlarda tutmayacaksak nerede tutmal\u0131y\u0131z?<\/strong><\/span><\/p>\n<p><span style=\"font-size: 14pt;\">Veriye u\u00e7 noktadan da ula\u015f\u0131lamayaca\u011f\u0131n\u0131 s\u00f6ylemek art\u0131k ger\u00e7ek\u00e7i bir yakla\u015f\u0131m de\u011fildir. \u00c7al\u0131\u015fanlar art\u0131k bu \u015fekilde \u00e7al\u0131\u015fmaktad\u0131r ve bunun aksi de art\u0131k d\u00fc\u015f\u00fcn\u00fclemez. Verimli olabilmek i\u00e7in son kullan\u0131c\u0131lar\u0131n hareket halindeyken veya uzaktan \u00e7al\u0131\u015f\u0131rken hem kurumsal hem de ki\u015fisel verilere ula\u015fabilmesi gerekmekte. E\u011fer IT \u00e7al\u0131\u015fanlara do\u011fru ara\u00e7lar\u0131 sunmazsa, \u00e7al\u0131\u015fanlar bir yolunu bulup IT\u2019nin veri g\u00fcvenli\u011fi \u00f6nlemlerini mutlaka a\u015far. Veri u\u00e7 noktada saklanabilir ve saklanmal\u0131d\u0131r, ama mutlaka g\u00fcvenli ve yedeklenmi\u015f olarak. Bu sayede \u015firketler \u00e7al\u0131\u015fanlar\u0131 nerede veya nas\u0131l \u00e7al\u0131\u015f\u0131yor olursa olsun verilerinin kontrol\u00fcn\u00fc ve g\u00f6r\u00fcn\u00fcrl\u00fc\u011f\u00fcn\u00fc elinde bulundurur. \u00a0\u00a0<\/span><\/p>\n<p><span style=\"font-size: 14pt;\"><strong>Veri g\u00fcvenli\u011fi \u00e7al\u0131\u015fanlar\u0131n\u0131n rol\u00fcn\u00fc bir \u015firketi ayakta tutan kilit bile\u015fenler olarak daha fazla sayg\u0131 g\u00f6recekleri bir \u015fekilde nas\u0131l artt\u0131rabiliriz?<\/strong><\/span><\/p>\n<p><span style=\"font-size: 14pt;\">Bug\u00fcne kadar ya\u015fanm\u0131\u015f b\u00fcy\u00fck veri h\u0131rs\u0131zl\u0131klar\u0131 ve giderek artan fidye yaz\u0131l\u0131m korkusu y\u00fcz\u00fcnden veri g\u00fcvenli\u011fi \u00e7al\u0131\u015fanlar\u0131n\u0131n rolleri daha fazla \u00f6nem kazanmaya ba\u015flad\u0131 ve bu \u00e7al\u0131\u015fanlar son zamanlarda y\u00f6netim kurullar\u0131nda yer al\u0131r oldu. Y\u00f6netim kurullar\u0131 art\u0131k kurumlar\u0131ndaki veri g\u00fcvenli\u011finin \u00f6nemini ve \u00e7al\u0131\u015fmalar\u0131n\u0131n sorunsuz ve g\u00fcvenli bir \u015fekilde devam edebilmesi i\u00e7in g\u00fcvenlik \u00e7al\u0131\u015fanlar\u0131 ve y\u00f6neticilerinin rol\u00fcn\u00fc kavram\u0131\u015f durumda. \u00a0\u00a0\u00a0<\/span><\/p>\n","protected":false},"excerpt":{"rendered":"<p>U\u00e7 nokta g\u00fcvenli\u011fi \u015firketi Code42 taraf\u0131ndan yap\u0131lan bir ara\u015ft\u0131rma IT karar al\u0131c\u0131lar\u0131n\u0131n kurulu\u015flar\u0131 b\u00fcnyesinde \u00e7al\u0131\u015fan ki\u015filerin g\u00fcvenini kaybetmeye yak\u0131n oldu\u011funu ortaya \u00e7\u0131kard\u0131.&hellip;<\/p>\n","protected":false},"author":3,"featured_media":7266,"comment_status":"open","ping_status":"closed","sticky":false,"template":"","format":"standard","meta":{"footnotes":""},"categories":[1],"tags":[],"class_list":["post-7264","post","type-post","status-publish","format-standard","has-post-thumbnail","hentry","category-haberler"],"amp_enabled":true,"_links":{"self":[{"href":"https:\/\/www.ihs.com.tr\/blog\/wp-json\/wp\/v2\/posts\/7264","targetHints":{"allow":["GET"]}}],"collection":[{"href":"https:\/\/www.ihs.com.tr\/blog\/wp-json\/wp\/v2\/posts"}],"about":[{"href":"https:\/\/www.ihs.com.tr\/blog\/wp-json\/wp\/v2\/types\/post"}],"author":[{"embeddable":true,"href":"https:\/\/www.ihs.com.tr\/blog\/wp-json\/wp\/v2\/users\/3"}],"replies":[{"embeddable":true,"href":"https:\/\/www.ihs.com.tr\/blog\/wp-json\/wp\/v2\/comments?post=7264"}],"version-history":[{"count":4,"href":"https:\/\/www.ihs.com.tr\/blog\/wp-json\/wp\/v2\/posts\/7264\/revisions"}],"predecessor-version":[{"id":7329,"href":"https:\/\/www.ihs.com.tr\/blog\/wp-json\/wp\/v2\/posts\/7264\/revisions\/7329"}],"wp:featuredmedia":[{"embeddable":true,"href":"https:\/\/www.ihs.com.tr\/blog\/wp-json\/wp\/v2\/media\/7266"}],"wp:attachment":[{"href":"https:\/\/www.ihs.com.tr\/blog\/wp-json\/wp\/v2\/media?parent=7264"}],"wp:term":[{"taxonomy":"category","embeddable":true,"href":"https:\/\/www.ihs.com.tr\/blog\/wp-json\/wp\/v2\/categories?post=7264"},{"taxonomy":"post_tag","embeddable":true,"href":"https:\/\/www.ihs.com.tr\/blog\/wp-json\/wp\/v2\/tags?post=7264"}],"curies":[{"name":"wp","href":"https:\/\/api.w.org\/{rel}","templated":true}]}}